{"id":78,"date":"2017-04-12T10:09:15","date_gmt":"2017-04-12T10:09:15","guid":{"rendered":"http:\/\/www.le-celadon.fr\/?p=78"},"modified":"2017-05-15T09:44:50","modified_gmt":"2017-05-15T09:44:50","slug":"le-puy-du-fou","status":"publish","type":"post","link":"https:\/\/www.le-celadon.fr\/fr\/le-puy-du-fou\/","title":{"rendered":"Le Puy du Fou"},"content":{"rendered":"<h1>Un parc \u00e0 th\u00e8me historique<\/h1>\n<p>Le Puy du Fou est un parc \u00e0 th\u00e8me historique situ\u00e9 \u00e0 35 km (35 mn de trajet) du C\u00e9ladon. Sa renomm\u00e9e a largement franchi les fronti\u00e8res de l\u2019Hexagone, puisqu\u2019il a \u00e9t\u00e9 \u00e9lu plusieurs fois \u00ab <strong>Meilleur Parc du Monde<\/strong> \u00bb.<\/p>\n<h2>Une immersion totale dans l\u2019histoire<\/h2>\n<p><img decoding=\"async\" loading=\"lazy\" class=\"alignright wp-image-2433 size-medium\" src=\"https:\/\/www.le-celadon.fr\/wp-content\/uploads\/2017\/04\/spectacle_puy_du_fou-566x363.jpg\" alt=\"\" width=\"566\" height=\"363\" srcset=\"https:\/\/www.le-celadon.fr\/wp-content\/uploads\/2017\/04\/spectacle_puy_du_fou-566x363.jpg 566w, https:\/\/www.le-celadon.fr\/wp-content\/uploads\/2017\/04\/spectacle_puy_du_fou-768x493.jpg 768w, https:\/\/www.le-celadon.fr\/wp-content\/uploads\/2017\/04\/spectacle_puy_du_fou-360x231.jpg 360w, https:\/\/www.le-celadon.fr\/wp-content\/uploads\/2017\/04\/spectacle_puy_du_fou-312x200.jpg 312w, https:\/\/www.le-celadon.fr\/wp-content\/uploads\/2017\/04\/spectacle_puy_du_fou-92x59.jpg 92w, https:\/\/www.le-celadon.fr\/wp-content\/uploads\/2017\/04\/spectacle_puy_du_fou-78x50.jpg 78w, https:\/\/www.le-celadon.fr\/wp-content\/uploads\/2017\/04\/spectacle_puy_du_fou-321x206.jpg 321w, https:\/\/www.le-celadon.fr\/wp-content\/uploads\/2017\/04\/spectacle_puy_du_fou.jpg 1019w\" sizes=\"(max-width: 566px) 100vw, 566px\" \/><\/p>\n<p>Le parc du Puy du Fou s\u2019\u00e9tend sur une colline o\u00f9 s\u2019\u00e9levait autrefois une forteresse. Il permet de red\u00e9couvrir l\u2019histoire autrement, via des <strong>spectacles costum\u00e9s et incroyablement dynamiques<\/strong>. Le Puy du Fou est enti\u00e8rement bas\u00e9 sur des spectacles. Vous devez donc vous procurer les horaires de ceux-ci pour le jour de votre visite, \u00e0 l\u2019entr\u00e9e du parc ou bien sur le site. Vous pouvez acheter vos <strong>billets en ligne<\/strong> \u00e0 l\u2019avance afin d\u2019\u00e9viter l\u2019attente aux caisses.<\/p>\n<p>Le parc vous immerge dans 4 zones th\u00e9matiques que constituent des \u00ab villages \u00bb :<\/p>\n<ul>\n<li><strong>le Fort de l\u2019An Mil,<\/strong><\/li>\n<li><strong>la Cit\u00e9 M\u00e9di\u00e9vale,<\/strong><\/li>\n<li><strong>le Village du XVIII\u00e8me si\u00e8cle<\/strong><\/li>\n<li><strong>et le Bourg 1900<\/strong>.<\/li>\n<\/ul>\n<p>Au sein de ceux-ci, sont propos\u00e9s plusieurs fois par jour 8 \u00ab grands spectacles \u00bb :<\/p>\n<ul>\n<li>\u00ab <strong>Le Signe du Triomphe<\/strong> \u00bb, incroyable spectacle dans un Stadium Gallo-Romain o\u00f9 vous revivrez la fureur des Jeux du Cirque.<\/li>\n<\/ul>\n<ul>\n<li>\u00ab <strong>Les Vikings<\/strong> \u00bb, spectacle haut en couleurs qui vous fait vivre l\u2019attaque du Fort de l\u2019An Mil par de f\u00e9roces Vikings surgissant de leurs drakkars au milieu de flammes gigantesques.<\/li>\n<\/ul>\n<p><img decoding=\"async\" loading=\"lazy\" class=\"alignright wp-image-2493 size-full\" src=\"https:\/\/www.le-celadon.fr\/wp-content\/uploads\/2017\/04\/puy_du_fou-2.jpg\" alt=\"\" width=\"564\" height=\"376\" srcset=\"https:\/\/www.le-celadon.fr\/wp-content\/uploads\/2017\/04\/puy_du_fou-2.jpg 564w, https:\/\/www.le-celadon.fr\/wp-content\/uploads\/2017\/04\/puy_du_fou-2-360x240.jpg 360w, https:\/\/www.le-celadon.fr\/wp-content\/uploads\/2017\/04\/puy_du_fou-2-312x208.jpg 312w, https:\/\/www.le-celadon.fr\/wp-content\/uploads\/2017\/04\/puy_du_fou-2-89x59.jpg 89w, https:\/\/www.le-celadon.fr\/wp-content\/uploads\/2017\/04\/puy_du_fou-2-75x50.jpg 75w, https:\/\/www.le-celadon.fr\/wp-content\/uploads\/2017\/04\/puy_du_fou-2-321x214.jpg 321w\" sizes=\"(max-width: 564px) 100vw, 564px\" \/><\/p>\n<ul>\n<li>\u00ab <strong>Le Bal des Oiseaux Fant\u00f4mes<\/strong> \u00bb, vous \u00e9blouira avec ses 200 oiseaux vous fr\u00f4lant de leurs ailes g\u00e9antes.<\/li>\n<\/ul>\n<ul>\n<li>\u00ab <strong>Le Secret de la Lance<\/strong> \u00bb propose une aventure m\u00e9di\u00e9vale qui a pour cadre les remparts enchant\u00e9s du ch\u00e2teau en pleine bataille.<\/li>\n<\/ul>\n<ul>\n<li>\u00ab <strong>Mousquetaire de Richelieu<\/strong> \u00bb vous emporte dans un spectacle de cape et d\u2019\u00e9p\u00e9e dans lequel se m\u00ealent ballets de flamenco et cabrioles de chevaux.<\/li>\n<\/ul>\n<ul>\n<li>\u00ab <strong>Les Chevaliers de la Table Ronde<\/strong> \u00bb, superbe spectacle d\u2019une quinzaine de minutes, en armures, m\u00ealant magie avec Merlin, bateau, surprise aquatique et l\u2019\u00e9p\u00e9e d\u2019Arthur et ses 40 effets sp\u00e9ciaux mis en oeuvre.<\/li>\n<\/ul>\n<ul>\n<li>\u00ab <strong>Le Dernier Panache<\/strong> \u00bb permet de retrouver l\u2019histoire de Charrette, \u00e0 l\u2019\u00e9poque de la r\u00e9volution fran\u00e7aise dans un th\u00e9\u00e2tre de 7500m2 construit sur mesure avec bassin et suivi de l\u2019action \u00e0 360 degr\u00e9s.<\/li>\n<\/ul>\n<ul>\n<li>\u00ab <strong>Le Grand Carillon<\/strong> \u00bb, nouveaut\u00e9 2017, met en sc\u00e8ne des acteurs virevoltants et des acrobates \u00e0 pr\u00e8s de 20 m\u00e8tres du sol, au rythme de 70 cloches.<\/li>\n<\/ul>\n<h2>Promenades dans le Parc<\/h2>\n<p style=\"text-align: left;\">Le Parc du Puy du Fou c\u2019est aussi de nombreuses exp\u00e9riences que vous vivrez au fil de votre promenade, selon vos envies :<\/p>\n<ul>\n<li style=\"text-align: left;\"><strong><strong>Les Amoureux de Verdun<\/strong><\/strong><\/li>\n<li style=\"text-align: left;\"><strong>La renaissance du ch\u00e2teau <\/strong><\/li>\n<li style=\"text-align: left;\"><strong>Le monde imaginaire<img decoding=\"async\" loading=\"lazy\" class=\"alignright wp-image-2490 size-medium\" src=\"https:\/\/www.le-celadon.fr\/wp-content\/uploads\/2017\/04\/vicking_le_puy_du_fou-566x377.jpg\" alt=\"\" width=\"566\" height=\"377\" srcset=\"https:\/\/www.le-celadon.fr\/wp-content\/uploads\/2017\/04\/vicking_le_puy_du_fou-566x377.jpg 566w, https:\/\/www.le-celadon.fr\/wp-content\/uploads\/2017\/04\/vicking_le_puy_du_fou-360x240.jpg 360w, https:\/\/www.le-celadon.fr\/wp-content\/uploads\/2017\/04\/vicking_le_puy_du_fou-312x208.jpg 312w, https:\/\/www.le-celadon.fr\/wp-content\/uploads\/2017\/04\/vicking_le_puy_du_fou-89x59.jpg 89w, https:\/\/www.le-celadon.fr\/wp-content\/uploads\/2017\/04\/vicking_le_puy_du_fou-75x50.jpg 75w, https:\/\/www.le-celadon.fr\/wp-content\/uploads\/2017\/04\/vicking_le_puy_du_fou-321x214.jpg 321w, https:\/\/www.le-celadon.fr\/wp-content\/uploads\/2017\/04\/vicking_le_puy_du_fou.jpg 570w\" sizes=\"(max-width: 566px) 100vw, 566px\" \/><br \/>\nde La Fontaine <\/strong><\/li>\n<li style=\"text-align: left;\"><strong>L\u2019Odyss\u00e9e du Puy du Fou <\/strong><\/li>\n<li style=\"text-align: left;\"><strong>La Clairi\u00e8re aux Daims <\/strong><\/li>\n<li style=\"text-align: left;\"><strong>La Vall\u00e9e Fleurie <\/strong><\/li>\n<li style=\"text-align: left;\"><strong>L\u2019all\u00e9e des voli\u00e8res <\/strong><\/li>\n<li style=\"text-align: left;\"><strong>Les jets sauteurs <\/strong><\/li>\n<li style=\"text-align: left;\"><strong>La roseraie <\/strong><\/li>\n<li style=\"text-align: left;\"><strong>La prairie des animaux <\/strong><\/li>\n<li style=\"text-align: left;\"><strong>Le labyrinthe des animaux <\/strong><\/li>\n<li style=\"text-align: left;\"><strong>Le repaire des enfants <\/strong><\/li>\n<li style=\"text-align: left;\"><strong>Les orgues de feu <\/strong><\/li>\n<li style=\"text-align: left;\"><strong>Les automates musiciens<\/strong><\/li>\n<\/ul>\n<p>En plus des spectacles, est propos\u00e9 certains jours (billet sp\u00e9cifique et r\u00e9servation n\u00e9cessaire) la Cinesc\u00e9nie, <strong>un grand spectacle de nuit<\/strong> d\u2019une dur\u00e9e de 1h40. Celle-ci a g\u00e9n\u00e9ralement lieu les vendredi et samedi soir de juin \u00e0 septembre. La demande \u00e9tant tr\u00e8s forte, il faut g\u00e9n\u00e9ralement r\u00e9server tr\u00e8s t\u00f4t \u00e0 l\u2019avance (d\u00e8s janvier).<\/p>\n<p>La Cinesc\u00e9nie, spectacle nocturne phare du Puy du Fou, \u00e9voque l\u2019\u00e9pop\u00e9e d\u2019une famille vend\u00e9enne du Moyen-Age au XX\u00e8me si\u00e8cle. Plus de 2000 b\u00e9n\u00e9voles y participent sur une sc\u00e8ne de 23 hectares. <strong>Spectacles grandioses, aventures \u00e9piques et \u00e9motions fortes<\/strong> pour toute la famille vous attendent au Puy du Fou.<\/p>\n<p>&nbsp;<\/p>\n","protected":false},"excerpt":{"rendered":"<p>Un parc \u00e0 th\u00e8me historique Le Puy du Fou est un parc \u00e0 th\u00e8me historique situ\u00e9 \u00e0 35 km (35 mn de trajet) du C\u00e9ladon. Sa renomm\u00e9e a largement franchi les fronti\u00e8res de l\u2019Hexagone, puisqu\u2019il a \u00e9t\u00e9 \u00e9lu plusieurs fois \u00ab Meilleur Parc du Monde \u00bb. Une immersion totale dans l\u2019histoire Le parc du Puy du Fou s\u2019\u00e9tend sur une &hellip; <a href=\"https:\/\/www.le-celadon.fr\/fr\/le-puy-du-fou\/\" class=\"more\"><\/a><\/p>\n","protected":false},"author":3,"featured_media":2627,"comment_status":"closed","ping_status":"open","sticky":false,"template":"","format":"standard","meta":{"footnotes":""},"categories":[6],"tags":[],"acf":[],"yoast_head":"<!-- This site is optimized with the Yoast SEO plugin v22.6 - https:\/\/yoast.com\/wordpress\/plugins\/seo\/ -->\n<title>Le Puy du Fou - Le C\u00e9ladon<\/title>\n<meta name=\"description\" content=\"Le Puy du Fou est un parc \u00e0 th\u00e8me historique situ\u00e9 \u00e0 35 km du C\u00e9ladon. Il a \u00e9t\u00e9 \u00e9lu plusieurs fois \u00ab Meilleur Parc du Monde \u00bb.\" \/>\n<meta name=\"robots\" content=\"index, follow, max-snippet:-1, max-image-preview:large, max-video-preview:-1\" \/>\n<link rel=\"canonical\" href=\"https:\/\/www.le-celadon.fr\/fr\/le-puy-du-fou\/\" \/>\n<meta property=\"og:locale\" content=\"fr_FR\" \/>\n<meta property=\"og:type\" content=\"article\" \/>\n<meta property=\"og:title\" content=\"Le Puy du Fou - Le C\u00e9ladon\" \/>\n<meta property=\"og:description\" content=\"Le Puy du Fou est un parc \u00e0 th\u00e8me historique situ\u00e9 \u00e0 35 km du C\u00e9ladon. Il a \u00e9t\u00e9 \u00e9lu plusieurs fois \u00ab Meilleur Parc du Monde \u00bb.\" \/>\n<meta property=\"og:url\" content=\"https:\/\/www.le-celadon.fr\/fr\/le-puy-du-fou\/\" \/>\n<meta property=\"og:site_name\" content=\"Celadon\" \/>\n<meta property=\"article:publisher\" content=\"https:\/\/www.facebook.com\/Le-C%c3%a9ladon-Maison-dh%c3%b4te-de-charme-985842411553284\/\" \/>\n<meta property=\"article:published_time\" content=\"2017-04-12T10:09:15+00:00\" \/>\n<meta property=\"article:modified_time\" content=\"2017-05-15T09:44:50+00:00\" \/>\n<meta property=\"og:image\" content=\"https:\/\/www.le-celadon.fr\/wp-content\/uploads\/2017\/04\/puy-du-fou.jpg\" \/>\n\t<meta property=\"og:image:width\" content=\"800\" \/>\n\t<meta property=\"og:image:height\" content=\"654\" \/>\n\t<meta property=\"og:image:type\" content=\"image\/jpeg\" \/>\n<meta name=\"author\" content=\"adm_smartimpact\" \/>\n<meta name=\"twitter:card\" content=\"summary_large_image\" \/>\n<meta name=\"twitter:label1\" content=\"\u00c9crit par\" \/>\n\t<meta name=\"twitter:data1\" content=\"adm_smartimpact\" \/>\n\t<meta name=\"twitter:label2\" content=\"Dur\u00e9e de lecture estim\u00e9e\" \/>\n\t<meta name=\"twitter:data2\" content=\"3 minutes\" \/>\n<script type=\"application\/ld+json\" class=\"yoast-schema-graph\">{\"@context\":\"https:\/\/schema.org\",\"@graph\":[{\"@type\":\"Article\",\"@id\":\"https:\/\/www.le-celadon.fr\/fr\/le-puy-du-fou\/#article\",\"isPartOf\":{\"@id\":\"https:\/\/www.le-celadon.fr\/fr\/le-puy-du-fou\/\"},\"author\":{\"name\":\"adm_smartimpact\",\"@id\":\"https:\/\/www.le-celadon.fr\/fr\/#\/schema\/person\/85cfea24c83773c8c7eeadd73e86bd10\"},\"headline\":\"Le Puy du Fou\",\"datePublished\":\"2017-04-12T10:09:15+00:00\",\"dateModified\":\"2017-05-15T09:44:50+00:00\",\"mainEntityOfPage\":{\"@id\":\"https:\/\/www.le-celadon.fr\/fr\/le-puy-du-fou\/\"},\"wordCount\":618,\"publisher\":{\"@id\":\"https:\/\/www.le-celadon.fr\/fr\/#organization\"},\"image\":{\"@id\":\"https:\/\/www.le-celadon.fr\/fr\/le-puy-du-fou\/#primaryimage\"},\"thumbnailUrl\":\"https:\/\/www.le-celadon.fr\/wp-content\/uploads\/2017\/04\/puy-du-fou.jpg\",\"articleSection\":[\"Les Alentours\"],\"inLanguage\":\"fr-FR\"},{\"@type\":\"WebPage\",\"@id\":\"https:\/\/www.le-celadon.fr\/fr\/le-puy-du-fou\/\",\"url\":\"https:\/\/www.le-celadon.fr\/fr\/le-puy-du-fou\/\",\"name\":\"Le Puy du Fou - Le C\u00e9ladon\",\"isPartOf\":{\"@id\":\"https:\/\/www.le-celadon.fr\/fr\/#website\"},\"primaryImageOfPage\":{\"@id\":\"https:\/\/www.le-celadon.fr\/fr\/le-puy-du-fou\/#primaryimage\"},\"image\":{\"@id\":\"https:\/\/www.le-celadon.fr\/fr\/le-puy-du-fou\/#primaryimage\"},\"thumbnailUrl\":\"https:\/\/www.le-celadon.fr\/wp-content\/uploads\/2017\/04\/puy-du-fou.jpg\",\"datePublished\":\"2017-04-12T10:09:15+00:00\",\"dateModified\":\"2017-05-15T09:44:50+00:00\",\"description\":\"Le Puy du Fou est un parc \u00e0 th\u00e8me historique situ\u00e9 \u00e0 35 km du C\u00e9ladon. Il a \u00e9t\u00e9 \u00e9lu plusieurs fois \u00ab Meilleur Parc du Monde \u00bb.\",\"breadcrumb\":{\"@id\":\"https:\/\/www.le-celadon.fr\/fr\/le-puy-du-fou\/#breadcrumb\"},\"inLanguage\":\"fr-FR\",\"potentialAction\":[{\"@type\":\"ReadAction\",\"target\":[\"https:\/\/www.le-celadon.fr\/fr\/le-puy-du-fou\/\"]}]},{\"@type\":\"ImageObject\",\"inLanguage\":\"fr-FR\",\"@id\":\"https:\/\/www.le-celadon.fr\/fr\/le-puy-du-fou\/#primaryimage\",\"url\":\"https:\/\/www.le-celadon.fr\/wp-content\/uploads\/2017\/04\/puy-du-fou.jpg\",\"contentUrl\":\"https:\/\/www.le-celadon.fr\/wp-content\/uploads\/2017\/04\/puy-du-fou.jpg\",\"width\":800,\"height\":654},{\"@type\":\"BreadcrumbList\",\"@id\":\"https:\/\/www.le-celadon.fr\/fr\/le-puy-du-fou\/#breadcrumb\",\"itemListElement\":[{\"@type\":\"ListItem\",\"position\":1,\"name\":\"Home\",\"item\":\"https:\/\/www.le-celadon.fr\/fr\/\"},{\"@type\":\"ListItem\",\"position\":2,\"name\":\"Le Puy du Fou\"}]},{\"@type\":\"WebSite\",\"@id\":\"https:\/\/www.le-celadon.fr\/fr\/#website\",\"url\":\"https:\/\/www.le-celadon.fr\/fr\/\",\"name\":\"Celadon\",\"description\":\"Maison d&#039;h\u00f4tes de charme proche du Puy du Fou\",\"publisher\":{\"@id\":\"https:\/\/www.le-celadon.fr\/fr\/#organization\"},\"potentialAction\":[{\"@type\":\"SearchAction\",\"target\":{\"@type\":\"EntryPoint\",\"urlTemplate\":\"https:\/\/www.le-celadon.fr\/fr\/?s={search_term_string}\"},\"query-input\":\"required name=search_term_string\"}],\"inLanguage\":\"fr-FR\"},{\"@type\":\"Organization\",\"@id\":\"https:\/\/www.le-celadon.fr\/fr\/#organization\",\"name\":\"Le C\u00e9ladon\",\"url\":\"https:\/\/www.le-celadon.fr\/fr\/\",\"logo\":{\"@type\":\"ImageObject\",\"inLanguage\":\"fr-FR\",\"@id\":\"https:\/\/www.le-celadon.fr\/fr\/#\/schema\/logo\/image\/\",\"url\":\"https:\/\/www.le-celadon.fr\/wp-content\/uploads\/2017\/04\/header-logo.png\",\"contentUrl\":\"https:\/\/www.le-celadon.fr\/wp-content\/uploads\/2017\/04\/header-logo.png\",\"width\":275,\"height\":59,\"caption\":\"Le C\u00e9ladon\"},\"image\":{\"@id\":\"https:\/\/www.le-celadon.fr\/fr\/#\/schema\/logo\/image\/\"},\"sameAs\":[\"https:\/\/www.facebook.com\/Le-C\u00e9ladon-Maison-dh\u00f4te-de-charme-985842411553284\/\"]},{\"@type\":\"Person\",\"@id\":\"https:\/\/www.le-celadon.fr\/fr\/#\/schema\/person\/85cfea24c83773c8c7eeadd73e86bd10\",\"name\":\"adm_smartimpact\"}]}<\/script>\n<!-- \/ Yoast SEO plugin. -->","yoast_head_json":{"title":"Le Puy du Fou - Le C\u00e9ladon","description":"Le Puy du Fou est un parc \u00e0 th\u00e8me historique situ\u00e9 \u00e0 35 km du C\u00e9ladon. Il a \u00e9t\u00e9 \u00e9lu plusieurs fois \u00ab Meilleur Parc du Monde \u00bb.","robots":{"index":"index","follow":"follow","max-snippet":"max-snippet:-1","max-image-preview":"max-image-preview:large","max-video-preview":"max-video-preview:-1"},"canonical":"https:\/\/www.le-celadon.fr\/fr\/le-puy-du-fou\/","og_locale":"fr_FR","og_type":"article","og_title":"Le Puy du Fou - Le C\u00e9ladon","og_description":"Le Puy du Fou est un parc \u00e0 th\u00e8me historique situ\u00e9 \u00e0 35 km du C\u00e9ladon. Il a \u00e9t\u00e9 \u00e9lu plusieurs fois \u00ab Meilleur Parc du Monde \u00bb.","og_url":"https:\/\/www.le-celadon.fr\/fr\/le-puy-du-fou\/","og_site_name":"Celadon","article_publisher":"https:\/\/www.facebook.com\/Le-C%c3%a9ladon-Maison-dh%c3%b4te-de-charme-985842411553284\/","article_published_time":"2017-04-12T10:09:15+00:00","article_modified_time":"2017-05-15T09:44:50+00:00","og_image":[{"width":800,"height":654,"url":"https:\/\/www.le-celadon.fr\/wp-content\/uploads\/2017\/04\/puy-du-fou.jpg","type":"image\/jpeg"}],"author":"adm_smartimpact","twitter_card":"summary_large_image","twitter_misc":{"\u00c9crit par":"adm_smartimpact","Dur\u00e9e de lecture estim\u00e9e":"3 minutes"},"schema":{"@context":"https:\/\/schema.org","@graph":[{"@type":"Article","@id":"https:\/\/www.le-celadon.fr\/fr\/le-puy-du-fou\/#article","isPartOf":{"@id":"https:\/\/www.le-celadon.fr\/fr\/le-puy-du-fou\/"},"author":{"name":"adm_smartimpact","@id":"https:\/\/www.le-celadon.fr\/fr\/#\/schema\/person\/85cfea24c83773c8c7eeadd73e86bd10"},"headline":"Le Puy du Fou","datePublished":"2017-04-12T10:09:15+00:00","dateModified":"2017-05-15T09:44:50+00:00","mainEntityOfPage":{"@id":"https:\/\/www.le-celadon.fr\/fr\/le-puy-du-fou\/"},"wordCount":618,"publisher":{"@id":"https:\/\/www.le-celadon.fr\/fr\/#organization"},"image":{"@id":"https:\/\/www.le-celadon.fr\/fr\/le-puy-du-fou\/#primaryimage"},"thumbnailUrl":"https:\/\/www.le-celadon.fr\/wp-content\/uploads\/2017\/04\/puy-du-fou.jpg","articleSection":["Les Alentours"],"inLanguage":"fr-FR"},{"@type":"WebPage","@id":"https:\/\/www.le-celadon.fr\/fr\/le-puy-du-fou\/","url":"https:\/\/www.le-celadon.fr\/fr\/le-puy-du-fou\/","name":"Le Puy du Fou - Le C\u00e9ladon","isPartOf":{"@id":"https:\/\/www.le-celadon.fr\/fr\/#website"},"primaryImageOfPage":{"@id":"https:\/\/www.le-celadon.fr\/fr\/le-puy-du-fou\/#primaryimage"},"image":{"@id":"https:\/\/www.le-celadon.fr\/fr\/le-puy-du-fou\/#primaryimage"},"thumbnailUrl":"https:\/\/www.le-celadon.fr\/wp-content\/uploads\/2017\/04\/puy-du-fou.jpg","datePublished":"2017-04-12T10:09:15+00:00","dateModified":"2017-05-15T09:44:50+00:00","description":"Le Puy du Fou est un parc \u00e0 th\u00e8me historique situ\u00e9 \u00e0 35 km du C\u00e9ladon. Il a \u00e9t\u00e9 \u00e9lu plusieurs fois \u00ab Meilleur Parc du Monde \u00bb.","breadcrumb":{"@id":"https:\/\/www.le-celadon.fr\/fr\/le-puy-du-fou\/#breadcrumb"},"inLanguage":"fr-FR","potentialAction":[{"@type":"ReadAction","target":["https:\/\/www.le-celadon.fr\/fr\/le-puy-du-fou\/"]}]},{"@type":"ImageObject","inLanguage":"fr-FR","@id":"https:\/\/www.le-celadon.fr\/fr\/le-puy-du-fou\/#primaryimage","url":"https:\/\/www.le-celadon.fr\/wp-content\/uploads\/2017\/04\/puy-du-fou.jpg","contentUrl":"https:\/\/www.le-celadon.fr\/wp-content\/uploads\/2017\/04\/puy-du-fou.jpg","width":800,"height":654},{"@type":"BreadcrumbList","@id":"https:\/\/www.le-celadon.fr\/fr\/le-puy-du-fou\/#breadcrumb","itemListElement":[{"@type":"ListItem","position":1,"name":"Home","item":"https:\/\/www.le-celadon.fr\/fr\/"},{"@type":"ListItem","position":2,"name":"Le Puy du Fou"}]},{"@type":"WebSite","@id":"https:\/\/www.le-celadon.fr\/fr\/#website","url":"https:\/\/www.le-celadon.fr\/fr\/","name":"Celadon","description":"Maison d&#039;h\u00f4tes de charme proche du Puy du Fou","publisher":{"@id":"https:\/\/www.le-celadon.fr\/fr\/#organization"},"potentialAction":[{"@type":"SearchAction","target":{"@type":"EntryPoint","urlTemplate":"https:\/\/www.le-celadon.fr\/fr\/?s={search_term_string}"},"query-input":"required name=search_term_string"}],"inLanguage":"fr-FR"},{"@type":"Organization","@id":"https:\/\/www.le-celadon.fr\/fr\/#organization","name":"Le C\u00e9ladon","url":"https:\/\/www.le-celadon.fr\/fr\/","logo":{"@type":"ImageObject","inLanguage":"fr-FR","@id":"https:\/\/www.le-celadon.fr\/fr\/#\/schema\/logo\/image\/","url":"https:\/\/www.le-celadon.fr\/wp-content\/uploads\/2017\/04\/header-logo.png","contentUrl":"https:\/\/www.le-celadon.fr\/wp-content\/uploads\/2017\/04\/header-logo.png","width":275,"height":59,"caption":"Le C\u00e9ladon"},"image":{"@id":"https:\/\/www.le-celadon.fr\/fr\/#\/schema\/logo\/image\/"},"sameAs":["https:\/\/www.facebook.com\/Le-C\u00e9ladon-Maison-dh\u00f4te-de-charme-985842411553284\/"]},{"@type":"Person","@id":"https:\/\/www.le-celadon.fr\/fr\/#\/schema\/person\/85cfea24c83773c8c7eeadd73e86bd10","name":"adm_smartimpact"}]}},"_links":{"self":[{"href":"https:\/\/www.le-celadon.fr\/fr\/wp-json\/wp\/v2\/posts\/78"}],"collection":[{"href":"https:\/\/www.le-celadon.fr\/fr\/wp-json\/wp\/v2\/posts"}],"about":[{"href":"https:\/\/www.le-celadon.fr\/fr\/wp-json\/wp\/v2\/types\/post"}],"author":[{"embeddable":true,"href":"https:\/\/www.le-celadon.fr\/fr\/wp-json\/wp\/v2\/users\/3"}],"replies":[{"embeddable":true,"href":"https:\/\/www.le-celadon.fr\/fr\/wp-json\/wp\/v2\/comments?post=78"}],"version-history":[{"count":5,"href":"https:\/\/www.le-celadon.fr\/fr\/wp-json\/wp\/v2\/posts\/78\/revisions"}],"predecessor-version":[{"id":2629,"href":"https:\/\/www.le-celadon.fr\/fr\/wp-json\/wp\/v2\/posts\/78\/revisions\/2629"}],"wp:featuredmedia":[{"embeddable":true,"href":"https:\/\/www.le-celadon.fr\/fr\/wp-json\/wp\/v2\/media\/2627"}],"wp:attachment":[{"href":"https:\/\/www.le-celadon.fr\/fr\/wp-json\/wp\/v2\/media?parent=78"}],"wp:term":[{"taxonomy":"category","embeddable":true,"href":"https:\/\/www.le-celadon.fr\/fr\/wp-json\/wp\/v2\/categories?post=78"},{"taxonomy":"post_tag","embeddable":true,"href":"https:\/\/www.le-celadon.fr\/fr\/wp-json\/wp\/v2\/tags?post=78"}],"curies":[{"name":"wp","href":"https:\/\/api.w.org\/{rel}","templated":true}]}}